{"id":1264,"date":"2017-04-25T10:08:17","date_gmt":"2017-04-25T10:08:17","guid":{"rendered":"http:\/\/www.kumm-discgolf.at\/?p=1264"},"modified":"2017-04-25T10:08:17","modified_gmt":"2017-04-25T10:08:17","slug":"rk-perg-gesundheitstag","status":"publish","type":"post","link":"https:\/\/www.kumm-discgolf.at\/?p=1264","title":{"rendered":"RK &#8211; Perg Gesundheitstag"},"content":{"rendered":"<h1>KUMM Disc Golf war zum Gesundheitstag der Rot Kreuz Zentrale in Perg eingeladen.<img loading=\"lazy\" decoding=\"async\" class=\"alignright size-medium wp-image-1265\" src=\"http:\/\/www.kumm-discgolf.at\/wp-content\/uploads\/2017\/04\/RK-Perg-2-300x214.jpg\" alt=\"\" width=\"300\" height=\"214\" srcset=\"https:\/\/www.kumm-discgolf.at\/wp-content\/uploads\/2017\/04\/RK-Perg-2-300x214.jpg 300w, https:\/\/www.kumm-discgolf.at\/wp-content\/uploads\/2017\/04\/RK-Perg-2-768x549.jpg 768w, https:\/\/www.kumm-discgolf.at\/wp-content\/uploads\/2017\/04\/RK-Perg-2-1024x731.jpg 1024w, https:\/\/www.kumm-discgolf.at\/wp-content\/uploads\/2017\/04\/RK-Perg-2-420x300.jpg 420w\" sizes=\"auto, (max-width: 300px) 100vw, 300px\" \/><\/h1>\n<p>Das Wetter war nicht \u00fcberw\u00e4ltigend &#8211; aber schlie\u00dflich ist ja April. Das Team von KUMM Disc Golf hat ein Info Zelt aufgebaut und dazu\u00a0einen Korb aufgestellt. So wurde gezeigt wie Disc Golf funktioniert und die Besucher konnten auch gleich das Putten probieren.<img loading=\"lazy\" decoding=\"async\" class=\"alignleft size-medium wp-image-1266\" src=\"http:\/\/www.kumm-discgolf.at\/wp-content\/uploads\/2017\/04\/RK-Perg-3-300x176.jpg\" alt=\"\" width=\"300\" height=\"176\" srcset=\"https:\/\/www.kumm-discgolf.at\/wp-content\/uploads\/2017\/04\/RK-Perg-3-300x176.jpg 300w, https:\/\/www.kumm-discgolf.at\/wp-content\/uploads\/2017\/04\/RK-Perg-3-768x450.jpg 768w, https:\/\/www.kumm-discgolf.at\/wp-content\/uploads\/2017\/04\/RK-Perg-3-1024x600.jpg 1024w, https:\/\/www.kumm-discgolf.at\/wp-content\/uploads\/2017\/04\/RK-Perg-3-500x293.jpg 500w\" sizes=\"auto, (max-width: 300px) 100vw, 300px\" \/> Da hinter unserem Pavillon eine gro\u00dfe wiese war wurde auch der eine oder andere Weit Wurf gewagt. Besonders interessiert waren die jungen Rot Kreuz Mitarbeiter und freiwilligen Helfer. So hat dieser Info Tag allen sehr viel Freude gemacht und Disc Golf hat wieder neue Freunde gewonnen.<\/p>\n<div style=\"width: 584px;\" class=\"wp-video\"><video class=\"wp-video-shortcode\" id=\"video-1264-1\" width=\"584\" height=\"321\" preload=\"metadata\" controls=\"controls\"><source type=\"video\/mp4\" src=\"http:\/\/www.kumm-discgolf.at\/wp-content\/uploads\/2017\/04\/VID-20170425-WA0023.mp4?_=1\" \/><a href=\"http:\/\/www.kumm-discgolf.at\/wp-content\/uploads\/2017\/04\/VID-20170425-WA0023.mp4\">http:\/\/www.kumm-discgolf.at\/wp-content\/uploads\/2017\/04\/VID-20170425-WA0023.mp4<\/a><\/video><\/div>\n<p>Sensationell war aber der gelungene Put einer 90 j\u00e4hrigen Besucherin, die vorher noch nie eine Scheibe in der Hand hatte.<\/p>\n<h1>Discgolf verbreiten und nicht nur spielen\u00a0&#8211; das Motto von KUMM Discgolf &#8211; ist hier wieder einmal voll aufgegangen!!!<\/h1>\n","protected":false},"excerpt":{"rendered":"<p>KUMM Disc Golf war zum Gesundheitstag der Rot Kreuz Zentrale in Perg eingeladen. Das Wetter war nicht \u00fcberw\u00e4ltigend &#8211; aber schlie\u00dflich ist ja April. Das Team von KUMM Disc Golf hat ein Info Zelt aufgebaut und dazu\u00a0einen Korb aufgestellt. So &hellip; <a href=\"https:\/\/www.kumm-discgolf.at\/?p=1264\">Weiterlesen <span class=\"meta-nav\">&rarr;<\/span><\/a><\/p>\n","protected":false},"author":1,"featured_media":0,"comment_status":"closed","ping_status":"closed","sticky":false,"template":"","format":"standard","meta":{"footnotes":""},"categories":[1],"tags":[],"class_list":["post-1264","post","type-post","status-publish","format-standard","hentry","category-uncategorized"],"yoast_head":"<!-- This site is optimized with the Yoast SEO plugin v27.5 - https:\/\/yoast.com\/product\/yoast-seo-wordpress\/ -->\n<title>RK - Perg Gesundheitstag - KUMM Discgolf<\/title>\n<meta name=\"robots\" content=\"index, follow, max-snippet:-1, max-image-preview:large, max-video-preview:-1\" \/>\n<link rel=\"canonical\" href=\"https:\/\/www.kumm-discgolf.at\/?p=1264\" \/>\n<meta property=\"og:locale\" content=\"de_DE\" \/>\n<meta property=\"og:type\" content=\"article\" \/>\n<meta property=\"og:title\" content=\"RK - Perg Gesundheitstag - KUMM Discgolf\" \/>\n<meta property=\"og:description\" content=\"KUMM Disc Golf war zum Gesundheitstag der Rot Kreuz Zentrale in Perg eingeladen. Das Wetter war nicht \u00fcberw\u00e4ltigend &#8211; aber schlie\u00dflich ist ja April. Das Team von KUMM Disc Golf hat ein Info Zelt aufgebaut und dazu\u00a0einen Korb aufgestellt. So &hellip; Weiterlesen &rarr;\" \/>\n<meta property=\"og:url\" content=\"https:\/\/www.kumm-discgolf.at\/?p=1264\" \/>\n<meta property=\"og:site_name\" content=\"KUMM Discgolf\" \/>\n<meta property=\"article:publisher\" content=\"https:\/\/www.facebook.com\/KummDiscgolf\/\" \/>\n<meta property=\"article:published_time\" content=\"2017-04-25T10:08:17+00:00\" \/>\n<meta property=\"og:image\" content=\"http:\/\/www.kumm-discgolf.at\/wp-content\/uploads\/2017\/04\/RK-Perg-2-300x214.jpg\" \/>\n<meta name=\"author\" content=\"KUMM\" \/>\n<meta name=\"twitter:card\" content=\"summary_large_image\" \/>\n<meta name=\"twitter:label1\" content=\"Verfasst von\" \/>\n\t<meta name=\"twitter:data1\" content=\"KUMM\" \/>\n\t<meta name=\"twitter:label2\" content=\"Gesch\u00e4tzte Lesezeit\" \/>\n\t<meta name=\"twitter:data2\" content=\"1\u00a0Minute\" \/>\n<script type=\"application\/ld+json\" class=\"yoast-schema-graph\">{\"@context\":\"https:\\\/\\\/schema.org\",\"@graph\":[{\"@type\":\"Article\",\"@id\":\"https:\\\/\\\/www.kumm-discgolf.at\\\/?p=1264#article\",\"isPartOf\":{\"@id\":\"https:\\\/\\\/www.kumm-discgolf.at\\\/?p=1264\"},\"author\":{\"name\":\"KUMM\",\"@id\":\"https:\\\/\\\/www.kumm-discgolf.at\\\/#\\\/schema\\\/person\\\/745356352c7da4dc6c283b6d3f2f4167\"},\"headline\":\"RK &#8211; Perg Gesundheitstag\",\"datePublished\":\"2017-04-25T10:08:17+00:00\",\"mainEntityOfPage\":{\"@id\":\"https:\\\/\\\/www.kumm-discgolf.at\\\/?p=1264\"},\"wordCount\":162,\"publisher\":{\"@id\":\"https:\\\/\\\/www.kumm-discgolf.at\\\/#organization\"},\"image\":{\"@id\":\"https:\\\/\\\/www.kumm-discgolf.at\\\/?p=1264#primaryimage\"},\"thumbnailUrl\":\"http:\\\/\\\/www.kumm-discgolf.at\\\/wp-content\\\/uploads\\\/2017\\\/04\\\/RK-Perg-2-300x214.jpg\",\"articleSection\":[\"Info\"],\"inLanguage\":\"de\"},{\"@type\":\"WebPage\",\"@id\":\"https:\\\/\\\/www.kumm-discgolf.at\\\/?p=1264\",\"url\":\"https:\\\/\\\/www.kumm-discgolf.at\\\/?p=1264\",\"name\":\"RK - Perg Gesundheitstag - KUMM Discgolf\",\"isPartOf\":{\"@id\":\"https:\\\/\\\/www.kumm-discgolf.at\\\/#website\"},\"primaryImageOfPage\":{\"@id\":\"https:\\\/\\\/www.kumm-discgolf.at\\\/?p=1264#primaryimage\"},\"image\":{\"@id\":\"https:\\\/\\\/www.kumm-discgolf.at\\\/?p=1264#primaryimage\"},\"thumbnailUrl\":\"http:\\\/\\\/www.kumm-discgolf.at\\\/wp-content\\\/uploads\\\/2017\\\/04\\\/RK-Perg-2-300x214.jpg\",\"datePublished\":\"2017-04-25T10:08:17+00:00\",\"inLanguage\":\"de\",\"potentialAction\":[{\"@type\":\"ReadAction\",\"target\":[\"https:\\\/\\\/www.kumm-discgolf.at\\\/?p=1264\"]}]},{\"@type\":\"ImageObject\",\"inLanguage\":\"de\",\"@id\":\"https:\\\/\\\/www.kumm-discgolf.at\\\/?p=1264#primaryimage\",\"url\":\"https:\\\/\\\/www.kumm-discgolf.at\\\/wp-content\\\/uploads\\\/2017\\\/04\\\/RK-Perg-2.jpg\",\"contentUrl\":\"https:\\\/\\\/www.kumm-discgolf.at\\\/wp-content\\\/uploads\\\/2017\\\/04\\\/RK-Perg-2.jpg\",\"width\":3248,\"height\":2320},{\"@type\":\"WebSite\",\"@id\":\"https:\\\/\\\/www.kumm-discgolf.at\\\/#website\",\"url\":\"https:\\\/\\\/www.kumm-discgolf.at\\\/\",\"name\":\"KUMM Discgolf\",\"description\":\"Komm und mach mit! - Jetzt wieder f\u00fcr alle ge\u00f6ffnet!\",\"publisher\":{\"@id\":\"https:\\\/\\\/www.kumm-discgolf.at\\\/#organization\"},\"potentialAction\":[{\"@type\":\"SearchAction\",\"target\":{\"@type\":\"EntryPoint\",\"urlTemplate\":\"https:\\\/\\\/www.kumm-discgolf.at\\\/?s={search_term_string}\"},\"query-input\":{\"@type\":\"PropertyValueSpecification\",\"valueRequired\":true,\"valueName\":\"search_term_string\"}}],\"inLanguage\":\"de\"},{\"@type\":\"Organization\",\"@id\":\"https:\\\/\\\/www.kumm-discgolf.at\\\/#organization\",\"name\":\"KUMM Discgolf\",\"url\":\"https:\\\/\\\/www.kumm-discgolf.at\\\/\",\"logo\":{\"@type\":\"ImageObject\",\"inLanguage\":\"de\",\"@id\":\"https:\\\/\\\/www.kumm-discgolf.at\\\/#\\\/schema\\\/logo\\\/image\\\/\",\"url\":\"https:\\\/\\\/www.kumm-discgolf.at\\\/wp-content\\\/uploads\\\/2013\\\/02\\\/cropped-image1.jpeg\",\"contentUrl\":\"https:\\\/\\\/www.kumm-discgolf.at\\\/wp-content\\\/uploads\\\/2013\\\/02\\\/cropped-image1.jpeg\",\"width\":500,\"height\":466,\"caption\":\"KUMM Discgolf\"},\"image\":{\"@id\":\"https:\\\/\\\/www.kumm-discgolf.at\\\/#\\\/schema\\\/logo\\\/image\\\/\"},\"sameAs\":[\"https:\\\/\\\/www.facebook.com\\\/KummDiscgolf\\\/\"]},{\"@type\":\"Person\",\"@id\":\"https:\\\/\\\/www.kumm-discgolf.at\\\/#\\\/schema\\\/person\\\/745356352c7da4dc6c283b6d3f2f4167\",\"name\":\"KUMM\",\"image\":{\"@type\":\"ImageObject\",\"inLanguage\":\"de\",\"@id\":\"https:\\\/\\\/secure.gravatar.com\\\/avatar\\\/4ab31251fa34de540258d9b98481a4c15c6b295e7ac4fcc166cbe85e592d9a6c?s=96&d=mm&r=g\",\"url\":\"https:\\\/\\\/secure.gravatar.com\\\/avatar\\\/4ab31251fa34de540258d9b98481a4c15c6b295e7ac4fcc166cbe85e592d9a6c?s=96&d=mm&r=g\",\"contentUrl\":\"https:\\\/\\\/secure.gravatar.com\\\/avatar\\\/4ab31251fa34de540258d9b98481a4c15c6b295e7ac4fcc166cbe85e592d9a6c?s=96&d=mm&r=g\",\"caption\":\"KUMM\"},\"url\":\"https:\\\/\\\/www.kumm-discgolf.at\\\/?author=1\"}]}<\/script>\n<!-- \/ Yoast SEO plugin. -->","yoast_head_json":{"title":"RK - Perg Gesundheitstag - KUMM Discgolf","robots":{"index":"index","follow":"follow","max-snippet":"max-snippet:-1","max-image-preview":"max-image-preview:large","max-video-preview":"max-video-preview:-1"},"canonical":"https:\/\/www.kumm-discgolf.at\/?p=1264","og_locale":"de_DE","og_type":"article","og_title":"RK - Perg Gesundheitstag - KUMM Discgolf","og_description":"KUMM Disc Golf war zum Gesundheitstag der Rot Kreuz Zentrale in Perg eingeladen. Das Wetter war nicht \u00fcberw\u00e4ltigend &#8211; aber schlie\u00dflich ist ja April. Das Team von KUMM Disc Golf hat ein Info Zelt aufgebaut und dazu\u00a0einen Korb aufgestellt. So &hellip; Weiterlesen &rarr;","og_url":"https:\/\/www.kumm-discgolf.at\/?p=1264","og_site_name":"KUMM Discgolf","article_publisher":"https:\/\/www.facebook.com\/KummDiscgolf\/","article_published_time":"2017-04-25T10:08:17+00:00","og_image":[{"url":"http:\/\/www.kumm-discgolf.at\/wp-content\/uploads\/2017\/04\/RK-Perg-2-300x214.jpg","type":"","width":"","height":""}],"author":"KUMM","twitter_card":"summary_large_image","twitter_misc":{"Verfasst von":"KUMM","Gesch\u00e4tzte Lesezeit":"1\u00a0Minute"},"schema":{"@context":"https:\/\/schema.org","@graph":[{"@type":"Article","@id":"https:\/\/www.kumm-discgolf.at\/?p=1264#article","isPartOf":{"@id":"https:\/\/www.kumm-discgolf.at\/?p=1264"},"author":{"name":"KUMM","@id":"https:\/\/www.kumm-discgolf.at\/#\/schema\/person\/745356352c7da4dc6c283b6d3f2f4167"},"headline":"RK &#8211; Perg Gesundheitstag","datePublished":"2017-04-25T10:08:17+00:00","mainEntityOfPage":{"@id":"https:\/\/www.kumm-discgolf.at\/?p=1264"},"wordCount":162,"publisher":{"@id":"https:\/\/www.kumm-discgolf.at\/#organization"},"image":{"@id":"https:\/\/www.kumm-discgolf.at\/?p=1264#primaryimage"},"thumbnailUrl":"http:\/\/www.kumm-discgolf.at\/wp-content\/uploads\/2017\/04\/RK-Perg-2-300x214.jpg","articleSection":["Info"],"inLanguage":"de"},{"@type":"WebPage","@id":"https:\/\/www.kumm-discgolf.at\/?p=1264","url":"https:\/\/www.kumm-discgolf.at\/?p=1264","name":"RK - Perg Gesundheitstag - KUMM Discgolf","isPartOf":{"@id":"https:\/\/www.kumm-discgolf.at\/#website"},"primaryImageOfPage":{"@id":"https:\/\/www.kumm-discgolf.at\/?p=1264#primaryimage"},"image":{"@id":"https:\/\/www.kumm-discgolf.at\/?p=1264#primaryimage"},"thumbnailUrl":"http:\/\/www.kumm-discgolf.at\/wp-content\/uploads\/2017\/04\/RK-Perg-2-300x214.jpg","datePublished":"2017-04-25T10:08:17+00:00","inLanguage":"de","potentialAction":[{"@type":"ReadAction","target":["https:\/\/www.kumm-discgolf.at\/?p=1264"]}]},{"@type":"ImageObject","inLanguage":"de","@id":"https:\/\/www.kumm-discgolf.at\/?p=1264#primaryimage","url":"https:\/\/www.kumm-discgolf.at\/wp-content\/uploads\/2017\/04\/RK-Perg-2.jpg","contentUrl":"https:\/\/www.kumm-discgolf.at\/wp-content\/uploads\/2017\/04\/RK-Perg-2.jpg","width":3248,"height":2320},{"@type":"WebSite","@id":"https:\/\/www.kumm-discgolf.at\/#website","url":"https:\/\/www.kumm-discgolf.at\/","name":"KUMM Discgolf","description":"Komm und mach mit! - Jetzt wieder f\u00fcr alle ge\u00f6ffnet!","publisher":{"@id":"https:\/\/www.kumm-discgolf.at\/#organization"},"potentialAction":[{"@type":"SearchAction","target":{"@type":"EntryPoint","urlTemplate":"https:\/\/www.kumm-discgolf.at\/?s={search_term_string}"},"query-input":{"@type":"PropertyValueSpecification","valueRequired":true,"valueName":"search_term_string"}}],"inLanguage":"de"},{"@type":"Organization","@id":"https:\/\/www.kumm-discgolf.at\/#organization","name":"KUMM Discgolf","url":"https:\/\/www.kumm-discgolf.at\/","logo":{"@type":"ImageObject","inLanguage":"de","@id":"https:\/\/www.kumm-discgolf.at\/#\/schema\/logo\/image\/","url":"https:\/\/www.kumm-discgolf.at\/wp-content\/uploads\/2013\/02\/cropped-image1.jpeg","contentUrl":"https:\/\/www.kumm-discgolf.at\/wp-content\/uploads\/2013\/02\/cropped-image1.jpeg","width":500,"height":466,"caption":"KUMM Discgolf"},"image":{"@id":"https:\/\/www.kumm-discgolf.at\/#\/schema\/logo\/image\/"},"sameAs":["https:\/\/www.facebook.com\/KummDiscgolf\/"]},{"@type":"Person","@id":"https:\/\/www.kumm-discgolf.at\/#\/schema\/person\/745356352c7da4dc6c283b6d3f2f4167","name":"KUMM","image":{"@type":"ImageObject","inLanguage":"de","@id":"https:\/\/secure.gravatar.com\/avatar\/4ab31251fa34de540258d9b98481a4c15c6b295e7ac4fcc166cbe85e592d9a6c?s=96&d=mm&r=g","url":"https:\/\/secure.gravatar.com\/avatar\/4ab31251fa34de540258d9b98481a4c15c6b295e7ac4fcc166cbe85e592d9a6c?s=96&d=mm&r=g","contentUrl":"https:\/\/secure.gravatar.com\/avatar\/4ab31251fa34de540258d9b98481a4c15c6b295e7ac4fcc166cbe85e592d9a6c?s=96&d=mm&r=g","caption":"KUMM"},"url":"https:\/\/www.kumm-discgolf.at\/?author=1"}]}},"_links":{"self":[{"href":"https:\/\/www.kumm-discgolf.at\/index.php?rest_route=\/wp\/v2\/posts\/1264","targetHints":{"allow":["GET"]}}],"collection":[{"href":"https:\/\/www.kumm-discgolf.at\/index.php?rest_route=\/wp\/v2\/posts"}],"about":[{"href":"https:\/\/www.kumm-discgolf.at\/index.php?rest_route=\/wp\/v2\/types\/post"}],"author":[{"embeddable":true,"href":"https:\/\/www.kumm-discgolf.at\/index.php?rest_route=\/wp\/v2\/users\/1"}],"replies":[{"embeddable":true,"href":"https:\/\/www.kumm-discgolf.at\/index.php?rest_route=%2Fwp%2Fv2%2Fcomments&post=1264"}],"version-history":[{"count":1,"href":"https:\/\/www.kumm-discgolf.at\/index.php?rest_route=\/wp\/v2\/posts\/1264\/revisions"}],"predecessor-version":[{"id":1268,"href":"https:\/\/www.kumm-discgolf.at\/index.php?rest_route=\/wp\/v2\/posts\/1264\/revisions\/1268"}],"wp:attachment":[{"href":"https:\/\/www.kumm-discgolf.at\/index.php?rest_route=%2Fwp%2Fv2%2Fmedia&parent=1264"}],"wp:term":[{"taxonomy":"category","embeddable":true,"href":"https:\/\/www.kumm-discgolf.at\/index.php?rest_route=%2Fwp%2Fv2%2Fcategories&post=1264"},{"taxonomy":"post_tag","embeddable":true,"href":"https:\/\/www.kumm-discgolf.at\/index.php?rest_route=%2Fwp%2Fv2%2Ftags&post=1264"}],"curies":[{"name":"wp","href":"https:\/\/api.w.org\/{rel}","templated":true}]}}