{"id":2288,"date":"2021-08-29T10:48:23","date_gmt":"2021-08-29T08:48:23","guid":{"rendered":"https:\/\/www.kumm-discgolf.at\/?p=2288"},"modified":"2021-08-29T11:05:00","modified_gmt":"2021-08-29T09:05:00","slug":"10-jahre-kumm-discgolf-samstag-28-9-21","status":"publish","type":"post","link":"https:\/\/www.kumm-discgolf.at\/?p=2288","title":{"rendered":"10 Jahre KUMM Discgolf &#8211; Samstag 28.9.21"},"content":{"rendered":"<p><img loading=\"lazy\" decoding=\"async\" class=\"alignright size-thumbnail wp-image-2297\" src=\"http:\/\/www.kumm-discgolf.at\/wp-content\/uploads\/2021\/08\/DSCN0362-150x150.jpg\" alt=\"\" width=\"150\" height=\"150\" \/>Die 10 Jahresfeier hat nat\u00fcrlich viele Discgolf Spieler aus ganz \u00d6sterreich angezogen. Am Freitag sind schon viele angereist und es gab einen gem\u00fctlichen Abend. Samstag war dann der Tag der nationalen Bewerbe. Der &#8222;Double best shot<img loading=\"lazy\" decoding=\"async\" class=\"alignleft size-medium wp-image-2290\" src=\"http:\/\/www.kumm-discgolf.at\/wp-content\/uploads\/2021\/08\/DSCN0416-300x225.jpg\" alt=\"\" width=\"300\" height=\"225\" srcset=\"https:\/\/www.kumm-discgolf.at\/wp-content\/uploads\/2021\/08\/DSCN0416-300x225.jpg 300w, https:\/\/www.kumm-discgolf.at\/wp-content\/uploads\/2021\/08\/DSCN0416-1024x768.jpg 1024w, https:\/\/www.kumm-discgolf.at\/wp-content\/uploads\/2021\/08\/DSCN0416-768x576.jpg 768w, https:\/\/www.kumm-discgolf.at\/wp-content\/uploads\/2021\/08\/DSCN0416-1536x1152.jpg 1536w, https:\/\/www.kumm-discgolf.at\/wp-content\/uploads\/2021\/08\/DSCN0416-2048x1536.jpg 2048w, https:\/\/www.kumm-discgolf.at\/wp-content\/uploads\/2021\/08\/DSCN0416-400x300.jpg 400w\" sizes=\"auto, (max-width: 300px) 100vw, 300px\" \/>&#8220; Bewerb war in allen Klassen gut besetzt und machte allen Spielern viel Spa\u00df.Die gesamten Ergebnisse seht ihr am Besten bei Discgolf &#8211; Matrix. Beim neuen Mini Discgolf Parcours fightete man mit &#8222;Mini-Disc Scheiben. Schlie\u00dflich konnten sich die Lokalmatadore durchsetzen und so gewannen unser &#8222;Orange Man&#8220; Norbert Burner und &#8222;the one &amp; only Charly&#8220; Charly Buchberger vor &#8222;Blue Man&#8220; Dominik Scherer. <img loading=\"lazy\" decoding=\"async\" class=\"alignleft size-medium wp-image-2292\" src=\"http:\/\/www.kumm-discgolf.at\/wp-content\/uploads\/2021\/08\/DSCN0559-scaled-e1630226619533-225x300.jpg\" alt=\"\" width=\"225\" height=\"300\" srcset=\"https:\/\/www.kumm-discgolf.at\/wp-content\/uploads\/2021\/08\/DSCN0559-scaled-e1630226619533-225x300.jpg 225w, https:\/\/www.kumm-discgolf.at\/wp-content\/uploads\/2021\/08\/DSCN0559-scaled-e1630226619533-768x1024.jpg 768w, https:\/\/www.kumm-discgolf.at\/wp-content\/uploads\/2021\/08\/DSCN0559-scaled-e1630226619533-1152x1536.jpg 1152w, https:\/\/www.kumm-discgolf.at\/wp-content\/uploads\/2021\/08\/DSCN0559-scaled-e1630226619533-1536x2048.jpg 1536w, https:\/\/www.kumm-discgolf.at\/wp-content\/uploads\/2021\/08\/DSCN0559-scaled-e1630226619533.jpg 1920w\" sizes=\"auto, (max-width: 225px) 100vw, 225px\" \/>Der neue Mini-Discgolf Parcours ist somit eingeweiht und ab 1. September \u00f6ffentlich bespielbar. Beim abendlichen Putting Contest &#8211; mit sehr gro\u00dfer Beteiligung und viel Spa\u00df holte sich Martin Killinger, in einer spannenden Endrunde den Sieg und lud dann zu einer gro\u00dfen allgemeinen Runde.<\/p>\n","protected":false},"excerpt":{"rendered":"<p>Die 10 Jahresfeier hat nat\u00fcrlich viele Discgolf Spieler aus ganz \u00d6sterreich angezogen. Am Freitag sind schon viele angereist und es gab einen gem\u00fctlichen Abend. Samstag war dann der Tag der nationalen Bewerbe. Der &#8222;Double best shot&#8220; Bewerb war in allen &hellip; <a href=\"https:\/\/www.kumm-discgolf.at\/?p=2288\">Weiterlesen <span class=\"meta-nav\">&rarr;<\/span><\/a><\/p>\n","protected":false},"author":6,"featured_media":0,"comment_status":"closed","ping_status":"closed","sticky":false,"template":"","format":"standard","meta":{"footnotes":""},"categories":[1],"tags":[],"class_list":["post-2288","post","type-post","status-publish","format-standard","hentry","category-uncategorized"],"yoast_head":"<!-- This site is optimized with the Yoast SEO plugin v27.5 - https:\/\/yoast.com\/product\/yoast-seo-wordpress\/ -->\n<title>10 Jahre KUMM Discgolf - Samstag 28.9.21 - KUMM Discgolf<\/title>\n<meta name=\"robots\" content=\"index, follow, max-snippet:-1, max-image-preview:large, max-video-preview:-1\" \/>\n<link rel=\"canonical\" href=\"https:\/\/www.kumm-discgolf.at\/?p=2288\" \/>\n<meta property=\"og:locale\" content=\"de_DE\" \/>\n<meta property=\"og:type\" content=\"article\" \/>\n<meta property=\"og:title\" content=\"10 Jahre KUMM Discgolf - Samstag 28.9.21 - KUMM Discgolf\" \/>\n<meta property=\"og:description\" content=\"Die 10 Jahresfeier hat nat\u00fcrlich viele Discgolf Spieler aus ganz \u00d6sterreich angezogen. Am Freitag sind schon viele angereist und es gab einen gem\u00fctlichen Abend. Samstag war dann der Tag der nationalen Bewerbe. Der &#8222;Double best shot&#8220; Bewerb war in allen &hellip; Weiterlesen &rarr;\" \/>\n<meta property=\"og:url\" content=\"https:\/\/www.kumm-discgolf.at\/?p=2288\" \/>\n<meta property=\"og:site_name\" content=\"KUMM Discgolf\" \/>\n<meta property=\"article:publisher\" content=\"https:\/\/www.facebook.com\/KummDiscgolf\/\" \/>\n<meta property=\"article:published_time\" content=\"2021-08-29T08:48:23+00:00\" \/>\n<meta property=\"article:modified_time\" content=\"2021-08-29T09:05:00+00:00\" \/>\n<meta property=\"og:image\" content=\"http:\/\/www.kumm-discgolf.at\/wp-content\/uploads\/2021\/08\/DSCN0362-150x150.jpg\" \/>\n<meta name=\"author\" content=\"Wolfgang Raab\" \/>\n<meta name=\"twitter:card\" content=\"summary_large_image\" \/>\n<meta name=\"twitter:label1\" content=\"Verfasst von\" \/>\n\t<meta name=\"twitter:data1\" content=\"Wolfgang Raab\" \/>\n\t<meta name=\"twitter:label2\" content=\"Gesch\u00e4tzte Lesezeit\" \/>\n\t<meta name=\"twitter:data2\" content=\"1\u00a0Minute\" \/>\n<script type=\"application\/ld+json\" class=\"yoast-schema-graph\">{\"@context\":\"https:\\\/\\\/schema.org\",\"@graph\":[{\"@type\":\"Article\",\"@id\":\"https:\\\/\\\/www.kumm-discgolf.at\\\/?p=2288#article\",\"isPartOf\":{\"@id\":\"https:\\\/\\\/www.kumm-discgolf.at\\\/?p=2288\"},\"author\":{\"name\":\"Wolfgang Raab\",\"@id\":\"https:\\\/\\\/www.kumm-discgolf.at\\\/#\\\/schema\\\/person\\\/8d60bc006eb1ed70ff5454d0dcf1bc02\"},\"headline\":\"10 Jahre KUMM Discgolf &#8211; Samstag 28.9.21\",\"datePublished\":\"2021-08-29T08:48:23+00:00\",\"dateModified\":\"2021-08-29T09:05:00+00:00\",\"mainEntityOfPage\":{\"@id\":\"https:\\\/\\\/www.kumm-discgolf.at\\\/?p=2288\"},\"wordCount\":148,\"publisher\":{\"@id\":\"https:\\\/\\\/www.kumm-discgolf.at\\\/#organization\"},\"image\":{\"@id\":\"https:\\\/\\\/www.kumm-discgolf.at\\\/?p=2288#primaryimage\"},\"thumbnailUrl\":\"http:\\\/\\\/www.kumm-discgolf.at\\\/wp-content\\\/uploads\\\/2021\\\/08\\\/DSCN0362-150x150.jpg\",\"articleSection\":[\"Info\"],\"inLanguage\":\"de\"},{\"@type\":\"WebPage\",\"@id\":\"https:\\\/\\\/www.kumm-discgolf.at\\\/?p=2288\",\"url\":\"https:\\\/\\\/www.kumm-discgolf.at\\\/?p=2288\",\"name\":\"10 Jahre KUMM Discgolf - Samstag 28.9.21 - KUMM Discgolf\",\"isPartOf\":{\"@id\":\"https:\\\/\\\/www.kumm-discgolf.at\\\/#website\"},\"primaryImageOfPage\":{\"@id\":\"https:\\\/\\\/www.kumm-discgolf.at\\\/?p=2288#primaryimage\"},\"image\":{\"@id\":\"https:\\\/\\\/www.kumm-discgolf.at\\\/?p=2288#primaryimage\"},\"thumbnailUrl\":\"http:\\\/\\\/www.kumm-discgolf.at\\\/wp-content\\\/uploads\\\/2021\\\/08\\\/DSCN0362-150x150.jpg\",\"datePublished\":\"2021-08-29T08:48:23+00:00\",\"dateModified\":\"2021-08-29T09:05:00+00:00\",\"inLanguage\":\"de\",\"potentialAction\":[{\"@type\":\"ReadAction\",\"target\":[\"https:\\\/\\\/www.kumm-discgolf.at\\\/?p=2288\"]}]},{\"@type\":\"ImageObject\",\"inLanguage\":\"de\",\"@id\":\"https:\\\/\\\/www.kumm-discgolf.at\\\/?p=2288#primaryimage\",\"url\":\"https:\\\/\\\/www.kumm-discgolf.at\\\/wp-content\\\/uploads\\\/2021\\\/08\\\/DSCN0362-scaled.jpg\",\"contentUrl\":\"https:\\\/\\\/www.kumm-discgolf.at\\\/wp-content\\\/uploads\\\/2021\\\/08\\\/DSCN0362-scaled.jpg\",\"width\":1920,\"height\":2560},{\"@type\":\"WebSite\",\"@id\":\"https:\\\/\\\/www.kumm-discgolf.at\\\/#website\",\"url\":\"https:\\\/\\\/www.kumm-discgolf.at\\\/\",\"name\":\"KUMM Discgolf\",\"description\":\"Komm und mach mit! - Jetzt wieder f\u00fcr alle ge\u00f6ffnet!\",\"publisher\":{\"@id\":\"https:\\\/\\\/www.kumm-discgolf.at\\\/#organization\"},\"potentialAction\":[{\"@type\":\"SearchAction\",\"target\":{\"@type\":\"EntryPoint\",\"urlTemplate\":\"https:\\\/\\\/www.kumm-discgolf.at\\\/?s={search_term_string}\"},\"query-input\":{\"@type\":\"PropertyValueSpecification\",\"valueRequired\":true,\"valueName\":\"search_term_string\"}}],\"inLanguage\":\"de\"},{\"@type\":\"Organization\",\"@id\":\"https:\\\/\\\/www.kumm-discgolf.at\\\/#organization\",\"name\":\"KUMM Discgolf\",\"url\":\"https:\\\/\\\/www.kumm-discgolf.at\\\/\",\"logo\":{\"@type\":\"ImageObject\",\"inLanguage\":\"de\",\"@id\":\"https:\\\/\\\/www.kumm-discgolf.at\\\/#\\\/schema\\\/logo\\\/image\\\/\",\"url\":\"https:\\\/\\\/www.kumm-discgolf.at\\\/wp-content\\\/uploads\\\/2013\\\/02\\\/cropped-image1.jpeg\",\"contentUrl\":\"https:\\\/\\\/www.kumm-discgolf.at\\\/wp-content\\\/uploads\\\/2013\\\/02\\\/cropped-image1.jpeg\",\"width\":500,\"height\":466,\"caption\":\"KUMM Discgolf\"},\"image\":{\"@id\":\"https:\\\/\\\/www.kumm-discgolf.at\\\/#\\\/schema\\\/logo\\\/image\\\/\"},\"sameAs\":[\"https:\\\/\\\/www.facebook.com\\\/KummDiscgolf\\\/\"]},{\"@type\":\"Person\",\"@id\":\"https:\\\/\\\/www.kumm-discgolf.at\\\/#\\\/schema\\\/person\\\/8d60bc006eb1ed70ff5454d0dcf1bc02\",\"name\":\"Wolfgang Raab\",\"image\":{\"@type\":\"ImageObject\",\"inLanguage\":\"de\",\"@id\":\"https:\\\/\\\/secure.gravatar.com\\\/avatar\\\/f210957cb62d5b0e0f3f3408be7fd743c66500f6fe19a51bf8a3a9d338c531fd?s=96&d=mm&r=g\",\"url\":\"https:\\\/\\\/secure.gravatar.com\\\/avatar\\\/f210957cb62d5b0e0f3f3408be7fd743c66500f6fe19a51bf8a3a9d338c531fd?s=96&d=mm&r=g\",\"contentUrl\":\"https:\\\/\\\/secure.gravatar.com\\\/avatar\\\/f210957cb62d5b0e0f3f3408be7fd743c66500f6fe19a51bf8a3a9d338c531fd?s=96&d=mm&r=g\",\"caption\":\"Wolfgang Raab\"},\"url\":\"https:\\\/\\\/www.kumm-discgolf.at\\\/?author=6\"}]}<\/script>\n<!-- \/ Yoast SEO plugin. -->","yoast_head_json":{"title":"10 Jahre KUMM Discgolf - Samstag 28.9.21 - KUMM Discgolf","robots":{"index":"index","follow":"follow","max-snippet":"max-snippet:-1","max-image-preview":"max-image-preview:large","max-video-preview":"max-video-preview:-1"},"canonical":"https:\/\/www.kumm-discgolf.at\/?p=2288","og_locale":"de_DE","og_type":"article","og_title":"10 Jahre KUMM Discgolf - Samstag 28.9.21 - KUMM Discgolf","og_description":"Die 10 Jahresfeier hat nat\u00fcrlich viele Discgolf Spieler aus ganz \u00d6sterreich angezogen. Am Freitag sind schon viele angereist und es gab einen gem\u00fctlichen Abend. Samstag war dann der Tag der nationalen Bewerbe. Der &#8222;Double best shot&#8220; Bewerb war in allen &hellip; Weiterlesen &rarr;","og_url":"https:\/\/www.kumm-discgolf.at\/?p=2288","og_site_name":"KUMM Discgolf","article_publisher":"https:\/\/www.facebook.com\/KummDiscgolf\/","article_published_time":"2021-08-29T08:48:23+00:00","article_modified_time":"2021-08-29T09:05:00+00:00","og_image":[{"url":"http:\/\/www.kumm-discgolf.at\/wp-content\/uploads\/2021\/08\/DSCN0362-150x150.jpg","type":"","width":"","height":""}],"author":"Wolfgang Raab","twitter_card":"summary_large_image","twitter_misc":{"Verfasst von":"Wolfgang Raab","Gesch\u00e4tzte Lesezeit":"1\u00a0Minute"},"schema":{"@context":"https:\/\/schema.org","@graph":[{"@type":"Article","@id":"https:\/\/www.kumm-discgolf.at\/?p=2288#article","isPartOf":{"@id":"https:\/\/www.kumm-discgolf.at\/?p=2288"},"author":{"name":"Wolfgang Raab","@id":"https:\/\/www.kumm-discgolf.at\/#\/schema\/person\/8d60bc006eb1ed70ff5454d0dcf1bc02"},"headline":"10 Jahre KUMM Discgolf &#8211; Samstag 28.9.21","datePublished":"2021-08-29T08:48:23+00:00","dateModified":"2021-08-29T09:05:00+00:00","mainEntityOfPage":{"@id":"https:\/\/www.kumm-discgolf.at\/?p=2288"},"wordCount":148,"publisher":{"@id":"https:\/\/www.kumm-discgolf.at\/#organization"},"image":{"@id":"https:\/\/www.kumm-discgolf.at\/?p=2288#primaryimage"},"thumbnailUrl":"http:\/\/www.kumm-discgolf.at\/wp-content\/uploads\/2021\/08\/DSCN0362-150x150.jpg","articleSection":["Info"],"inLanguage":"de"},{"@type":"WebPage","@id":"https:\/\/www.kumm-discgolf.at\/?p=2288","url":"https:\/\/www.kumm-discgolf.at\/?p=2288","name":"10 Jahre KUMM Discgolf - Samstag 28.9.21 - KUMM Discgolf","isPartOf":{"@id":"https:\/\/www.kumm-discgolf.at\/#website"},"primaryImageOfPage":{"@id":"https:\/\/www.kumm-discgolf.at\/?p=2288#primaryimage"},"image":{"@id":"https:\/\/www.kumm-discgolf.at\/?p=2288#primaryimage"},"thumbnailUrl":"http:\/\/www.kumm-discgolf.at\/wp-content\/uploads\/2021\/08\/DSCN0362-150x150.jpg","datePublished":"2021-08-29T08:48:23+00:00","dateModified":"2021-08-29T09:05:00+00:00","inLanguage":"de","potentialAction":[{"@type":"ReadAction","target":["https:\/\/www.kumm-discgolf.at\/?p=2288"]}]},{"@type":"ImageObject","inLanguage":"de","@id":"https:\/\/www.kumm-discgolf.at\/?p=2288#primaryimage","url":"https:\/\/www.kumm-discgolf.at\/wp-content\/uploads\/2021\/08\/DSCN0362-scaled.jpg","contentUrl":"https:\/\/www.kumm-discgolf.at\/wp-content\/uploads\/2021\/08\/DSCN0362-scaled.jpg","width":1920,"height":2560},{"@type":"WebSite","@id":"https:\/\/www.kumm-discgolf.at\/#website","url":"https:\/\/www.kumm-discgolf.at\/","name":"KUMM Discgolf","description":"Komm und mach mit! - Jetzt wieder f\u00fcr alle ge\u00f6ffnet!","publisher":{"@id":"https:\/\/www.kumm-discgolf.at\/#organization"},"potentialAction":[{"@type":"SearchAction","target":{"@type":"EntryPoint","urlTemplate":"https:\/\/www.kumm-discgolf.at\/?s={search_term_string}"},"query-input":{"@type":"PropertyValueSpecification","valueRequired":true,"valueName":"search_term_string"}}],"inLanguage":"de"},{"@type":"Organization","@id":"https:\/\/www.kumm-discgolf.at\/#organization","name":"KUMM Discgolf","url":"https:\/\/www.kumm-discgolf.at\/","logo":{"@type":"ImageObject","inLanguage":"de","@id":"https:\/\/www.kumm-discgolf.at\/#\/schema\/logo\/image\/","url":"https:\/\/www.kumm-discgolf.at\/wp-content\/uploads\/2013\/02\/cropped-image1.jpeg","contentUrl":"https:\/\/www.kumm-discgolf.at\/wp-content\/uploads\/2013\/02\/cropped-image1.jpeg","width":500,"height":466,"caption":"KUMM Discgolf"},"image":{"@id":"https:\/\/www.kumm-discgolf.at\/#\/schema\/logo\/image\/"},"sameAs":["https:\/\/www.facebook.com\/KummDiscgolf\/"]},{"@type":"Person","@id":"https:\/\/www.kumm-discgolf.at\/#\/schema\/person\/8d60bc006eb1ed70ff5454d0dcf1bc02","name":"Wolfgang Raab","image":{"@type":"ImageObject","inLanguage":"de","@id":"https:\/\/secure.gravatar.com\/avatar\/f210957cb62d5b0e0f3f3408be7fd743c66500f6fe19a51bf8a3a9d338c531fd?s=96&d=mm&r=g","url":"https:\/\/secure.gravatar.com\/avatar\/f210957cb62d5b0e0f3f3408be7fd743c66500f6fe19a51bf8a3a9d338c531fd?s=96&d=mm&r=g","contentUrl":"https:\/\/secure.gravatar.com\/avatar\/f210957cb62d5b0e0f3f3408be7fd743c66500f6fe19a51bf8a3a9d338c531fd?s=96&d=mm&r=g","caption":"Wolfgang Raab"},"url":"https:\/\/www.kumm-discgolf.at\/?author=6"}]}},"_links":{"self":[{"href":"https:\/\/www.kumm-discgolf.at\/index.php?rest_route=\/wp\/v2\/posts\/2288","targetHints":{"allow":["GET"]}}],"collection":[{"href":"https:\/\/www.kumm-discgolf.at\/index.php?rest_route=\/wp\/v2\/posts"}],"about":[{"href":"https:\/\/www.kumm-discgolf.at\/index.php?rest_route=\/wp\/v2\/types\/post"}],"author":[{"embeddable":true,"href":"https:\/\/www.kumm-discgolf.at\/index.php?rest_route=\/wp\/v2\/users\/6"}],"replies":[{"embeddable":true,"href":"https:\/\/www.kumm-discgolf.at\/index.php?rest_route=%2Fwp%2Fv2%2Fcomments&post=2288"}],"version-history":[{"count":4,"href":"https:\/\/www.kumm-discgolf.at\/index.php?rest_route=\/wp\/v2\/posts\/2288\/revisions"}],"predecessor-version":[{"id":2298,"href":"https:\/\/www.kumm-discgolf.at\/index.php?rest_route=\/wp\/v2\/posts\/2288\/revisions\/2298"}],"wp:attachment":[{"href":"https:\/\/www.kumm-discgolf.at\/index.php?rest_route=%2Fwp%2Fv2%2Fmedia&parent=2288"}],"wp:term":[{"taxonomy":"category","embeddable":true,"href":"https:\/\/www.kumm-discgolf.at\/index.php?rest_route=%2Fwp%2Fv2%2Fcategories&post=2288"},{"taxonomy":"post_tag","embeddable":true,"href":"https:\/\/www.kumm-discgolf.at\/index.php?rest_route=%2Fwp%2Fv2%2Ftags&post=2288"}],"curies":[{"name":"wp","href":"https:\/\/api.w.org\/{rel}","templated":true}]}}